{"id":6561,"date":"2022-07-01T09:02:02","date_gmt":"2022-07-01T09:02:02","guid":{"rendered":"https:\/\/www.reflexivites.com\/?p=6561"},"modified":"2022-07-01T09:06:03","modified_gmt":"2022-07-01T09:06:03","slug":"projection-2-2","status":"publish","type":"post","link":"https:\/\/www.reflexivites.com\/en\/projection-2-2\/","title":{"rendered":"War in Ukrain"},"content":{"rendered":"\t\t<div data-elementor-type=\"wp-post\" data-elementor-id=\"6561\" class=\"elementor elementor-6561\">\n\t\t\t\t\t\t\t\t\t<section class=\"elementor-section elementor-top-section elementor-element elementor-element-6e47eef2 elementor-section-boxed elementor-section-height-default elementor-section-height-default\" data-id=\"6e47eef2\" data-element_type=\"section\">\n\t\t\t\t\t\t<div class=\"elementor-container elementor-column-gap-default\">\n\t\t\t\t\t<div class=\"elementor-column elementor-col-50 elementor-top-column elementor-element elementor-element-567f163f\" data-id=\"567f163f\" data-element_type=\"column\">\n\t\t\t<div class=\"elementor-widget-wrap elementor-element-populated\">\n\t\t\t\t\t\t\t\t<div class=\"elementor-element elementor-element-46f2cf08 elementor-widget elementor-widget-post-info\" data-id=\"46f2cf08\" data-element_type=\"widget\" data-widget_type=\"post-info.default\">\n\t\t\t\t<div class=\"elementor-widget-container\">\n\t\t\t<link rel=\"stylesheet\" href=\"https:\/\/www.reflexivites.com\/wp-content\/plugins\/elementor\/assets\/css\/widget-icon-list.min.css\"><link rel=\"stylesheet\" href=\"https:\/\/www.reflexivites.com\/wp-content\/plugins\/elementor-pro\/assets\/css\/widget-theme-elements.min.css\">\t\t<ul class=\"elementor-inline-items elementor-icon-list-items elementor-post-info\">\n\t\t\t\t\t\t\t\t<li class=\"elementor-icon-list-item elementor-repeater-item-73b412e elementor-inline-item\" itemprop=\"about\">\n\t\t\t\t\t\t\t\t\t\t\t\t\t<span class=\"elementor-icon-list-text elementor-post-info__item elementor-post-info__item--type-terms\">\n\t\t\t\t\t\t\t\t\t\t<span class=\"elementor-post-info__terms-list\">\n\t\t\t\t<a href=\"https:\/\/www.reflexivites.com\/en\/category\/edition-2022-en\/evenements-en\/projection-en\/\" class=\"elementor-post-info__terms-list-item\">Screening<\/a>\t\t\t\t<\/span>\n\t\t\t\t\t<\/span>\n\t\t\t\t\t\t\t\t<\/li>\n\t\t\t\t<\/ul>\n\t\t\t\t<\/div>\n\t\t\t\t<\/div>\n\t\t\t\t<div class=\"elementor-element elementor-element-62950cc elementor-widget elementor-widget-theme-post-title elementor-page-title elementor-widget-heading\" data-id=\"62950cc\" data-element_type=\"widget\" data-widget_type=\"theme-post-title.default\">\n\t\t\t\t<div class=\"elementor-widget-container\">\n\t\t\t<style>\/*! elementor - v3.13.3 - 28-05-2023 *\/\n.elementor-heading-title{padding:0;margin:0;line-height:1}.elementor-widget-heading .elementor-heading-title[class*=elementor-size-]>a{color:inherit;font-size:inherit;line-height:inherit}.elementor-widget-heading .elementor-heading-title.elementor-size-small{font-size:15px}.elementor-widget-heading .elementor-heading-title.elementor-size-medium{font-size:19px}.elementor-widget-heading .elementor-heading-title.elementor-size-large{font-size:29px}.elementor-widget-heading .elementor-heading-title.elementor-size-xl{font-size:39px}.elementor-widget-heading .elementor-heading-title.elementor-size-xxl{font-size:59px}<\/style><h1 class=\"elementor-heading-title elementor-size-default\">War in Ukrain<\/h1>\t\t<\/div>\n\t\t\t\t<\/div>\n\t\t\t\t<div class=\"elementor-element elementor-element-e42c5cb elementor-widget elementor-widget-heading\" data-id=\"e42c5cb\" data-element_type=\"widget\" data-widget_type=\"heading.default\">\n\t\t\t\t<div class=\"elementor-widget-container\">\n\t\t\t<h2 class=\"elementor-heading-title elementor-size-default\">With V\u00e9ronique de Viguerie and Adrienne Surprenant\n\n<\/h2>\t\t<\/div>\n\t\t\t\t<\/div>\n\t\t\t\t<div class=\"elementor-element elementor-element-67046cf6 infos-sup elementor-widget elementor-widget-text-editor\" data-id=\"67046cf6\" data-element_type=\"widget\" data-widget_type=\"text-editor.default\">\n\t\t\t\t<div class=\"elementor-widget-container\">\n\t\t\t<style>\/*! elementor - v3.13.3 - 28-05-2023 *\/\n.elementor-widget-text-editor.elementor-drop-cap-view-stacked .elementor-drop-cap{background-color:#69727d;color:#fff}.elementor-widget-text-editor.elementor-drop-cap-view-framed .elementor-drop-cap{color:#69727d;border:3px solid;background-color:transparent}.elementor-widget-text-editor:not(.elementor-drop-cap-view-default) .elementor-drop-cap{margin-top:8px}.elementor-widget-text-editor:not(.elementor-drop-cap-view-default) .elementor-drop-cap-letter{width:1em;height:1em}.elementor-widget-text-editor .elementor-drop-cap{float:left;text-align:center;line-height:1;font-size:50px}.elementor-widget-text-editor .elementor-drop-cap-letter{display:inline-block}<\/style>\t\t\t\t<p>Friday July 15, 2022 at 7:00 pm<\/p>\t\t\t\t\t\t<\/div>\n\t\t\t\t<\/div>\n\t\t\t\t<div class=\"elementor-element elementor-element-82d2052 infos-sup elementor-widget elementor-widget-text-editor\" data-id=\"82d2052\" data-element_type=\"widget\" data-widget_type=\"text-editor.default\">\n\t\t\t\t<div class=\"elementor-widget-container\">\n\t\t\t\t\t\t\t<p>Auditorium of the Fruiti\u00e8re Num\u00e9rique at Lourmarin<\/p>\t\t\t\t\t\t<\/div>\n\t\t\t\t<\/div>\n\t\t\t\t\t<\/div>\n\t\t<\/div>\n\t\t\t\t<div class=\"elementor-column elementor-col-50 elementor-top-column elementor-element elementor-element-56cf0699\" data-id=\"56cf0699\" data-element_type=\"column\">\n\t\t\t<div class=\"elementor-widget-wrap elementor-element-populated\">\n\t\t\t\t\t\t\t\t<div class=\"elementor-element elementor-element-6f883495 elementor-widget elementor-widget-theme-post-featured-image elementor-widget-image\" data-id=\"6f883495\" data-element_type=\"widget\" data-widget_type=\"theme-post-featured-image.default\">\n\t\t\t\t<div class=\"elementor-widget-container\">\n\t\t\t<style>\/*! elementor - v3.13.3 - 28-05-2023 *\/\n.elementor-widget-image{text-align:center}.elementor-widget-image a{display:inline-block}.elementor-widget-image a img[src$=\".svg\"]{width:48px}.elementor-widget-image img{vertical-align:middle;display:inline-block}<\/style>\t\t\t\t\t\t\t\t\t<figure class=\"wp-caption\">\n\t\t\t\t\t\t\t\t\t\t<img loading=\"lazy\" decoding=\"async\" width=\"580\" height=\"387\" src=\"https:\/\/www.reflexivites.com\/wp-content\/uploads\/2022\/06\/Veronique-de-Viguerie-reflexivites-2-768x512.jpg\" class=\"attachment-medium_large size-medium_large wp-image-5907\" alt=\"\" srcset=\"https:\/\/www.reflexivites.com\/wp-content\/uploads\/2022\/06\/Veronique-de-Viguerie-reflexivites-2-768x512.jpg 768w, https:\/\/www.reflexivites.com\/wp-content\/uploads\/2022\/06\/Veronique-de-Viguerie-reflexivites-2-scaled-600x400.jpg 600w, https:\/\/www.reflexivites.com\/wp-content\/uploads\/2022\/06\/Veronique-de-Viguerie-reflexivites-2-300x200.jpg 300w, https:\/\/www.reflexivites.com\/wp-content\/uploads\/2022\/06\/Veronique-de-Viguerie-reflexivites-2-1024x683.jpg 1024w, https:\/\/www.reflexivites.com\/wp-content\/uploads\/2022\/06\/Veronique-de-Viguerie-reflexivites-2-1536x1025.jpg 1536w, https:\/\/www.reflexivites.com\/wp-content\/uploads\/2022\/06\/Veronique-de-Viguerie-reflexivites-2-2048x1367.jpg 2048w, https:\/\/www.reflexivites.com\/wp-content\/uploads\/2022\/06\/Veronique-de-Viguerie-reflexivites-2-1200x801.jpg 1200w, https:\/\/www.reflexivites.com\/wp-content\/uploads\/2022\/06\/Veronique-de-Viguerie-reflexivites-2-1980x1321.jpg 1980w\" sizes=\"auto, (max-width: 580px) 100vw, 580px\" \/>\t\t\t\t\t\t\t\t\t\t\t<figcaption class=\"widget-image-caption wp-caption-text\">\u00a9 V\u00e9ronique de Viguerie<\/figcaption>\n\t\t\t\t\t\t\t\t\t\t<\/figure>\n\t\t\t\t\t\t\t\t\t<\/div>\n\t\t\t\t<\/div>\n\t\t\t\t\t<\/div>\n\t\t<\/div>\n\t\t\t\t\t\t\t<\/div>\n\t\t<\/section>\n\t\t\t\t<section class=\"elementor-section elementor-top-section elementor-element elementor-element-21f7cea0 elementor-section-boxed elementor-section-height-default elementor-section-height-default\" data-id=\"21f7cea0\" data-element_type=\"section\">\n\t\t\t\t\t\t<div class=\"elementor-container elementor-column-gap-default\">\n\t\t\t\t\t<div class=\"elementor-column elementor-col-100 elementor-top-column elementor-element elementor-element-50347018\" data-id=\"50347018\" data-element_type=\"column\">\n\t\t\t<div class=\"elementor-widget-wrap elementor-element-populated\">\n\t\t\t\t\t\t\t\t<div class=\"elementor-element elementor-element-e24e936 elementor-widget elementor-widget-text-editor\" data-id=\"e24e936\" data-element_type=\"widget\" id=\"content-post\" data-widget_type=\"text-editor.default\">\n\t\t\t\t<div class=\"elementor-widget-container\">\n\t\t\t\t\t\t\t<p>From 24 February and the start of the Russian invasion in Ukraine, the media have sent many reporters to this war-torn country to see what is happening on the ground.<\/p><p>For <em>Le Monde, Le Figaro <\/em>and <em>Lib\u00e9ration<\/em> amongst others, V\u00e9ronique and Adrienne went to Ukraine for many weeks to cover the war.<\/p><p>They shall share their photos and testimonies and shall answer your questions.<\/p>\t\t\t\t\t\t<\/div>\n\t\t\t\t<\/div>\n\t\t\t\t\t<\/div>\n\t\t<\/div>\n\t\t\t\t\t\t\t<\/div>\n\t\t<\/section>\n\t\t\t\t\t\t\t<\/div>\n\t\t","protected":false},"excerpt":{"rendered":"<p>With V\u00e9ronique de Viguerie and Adrienne Surprenant Friday July 15, 2022 at 7:00 pm Auditorium of the Fruiti\u00e8re Num\u00e9rique at Lourmarin From 24 February and the start of the Russian invasion in Ukraine, the media have sent many reporters to this war-torn country to see what is happening on the ground. For Le Monde, Le [&hellip;]<\/p>\n","protected":false},"author":4,"featured_media":5907,"comment_status":"closed","ping_status":"closed","sticky":false,"template":"","format":"standard","meta":{"footnotes":""},"categories":[83],"tags":[],"class_list":["post-6561","post","type-post","status-publish","format-standard","has-post-thumbnail","hentry","category-projection-en"],"yoast_head":"<!-- This site is optimized with the Yoast SEO plugin v20.8 - https:\/\/yoast.com\/wordpress\/plugins\/seo\/ -->\n<title>War in Ukrain - R\u00e9flexivit\u00e9s<\/title>\n<meta name=\"robots\" content=\"index, follow, max-snippet:-1, max-image-preview:large, max-video-preview:-1\" \/>\n<link rel=\"canonical\" href=\"https:\/\/www.reflexivites.com\/en\/projection-2-2\/\" \/>\n<meta property=\"og:locale\" content=\"en_US\" \/>\n<meta property=\"og:type\" content=\"article\" \/>\n<meta property=\"og:title\" content=\"War in Ukrain - R\u00e9flexivit\u00e9s\" \/>\n<meta property=\"og:description\" content=\"With V\u00e9ronique de Viguerie and Adrienne Surprenant Friday July 15, 2022 at 7:00 pm Auditorium of the Fruiti\u00e8re Num\u00e9rique at Lourmarin From 24 February and the start of the Russian invasion in Ukraine, the media have sent many reporters to this war-torn country to see what is happening on the ground. For Le Monde, Le [&hellip;]\" \/>\n<meta property=\"og:url\" content=\"https:\/\/www.reflexivites.com\/en\/projection-2-2\/\" \/>\n<meta property=\"og:site_name\" content=\"R\u00e9flexivit\u00e9s\" \/>\n<meta property=\"article:published_time\" content=\"2022-07-01T09:02:02+00:00\" \/>\n<meta property=\"article:modified_time\" content=\"2022-07-01T09:06:03+00:00\" \/>\n<meta property=\"og:image\" content=\"https:\/\/www.reflexivites.com\/wp-content\/uploads\/2022\/06\/Veronique-de-Viguerie-reflexivites-2-scaled.jpg\" \/>\n\t<meta property=\"og:image:width\" content=\"2560\" \/>\n\t<meta property=\"og:image:height\" content=\"1708\" \/>\n\t<meta property=\"og:image:type\" content=\"image\/jpeg\" \/>\n<meta name=\"author\" content=\"emilie\" \/>\n<meta name=\"twitter:card\" content=\"summary_large_image\" \/>\n<meta name=\"twitter:label1\" content=\"Written by\" \/>\n\t<meta name=\"twitter:data1\" content=\"emilie\" \/>\n\t<meta name=\"twitter:label2\" content=\"Est. reading time\" \/>\n\t<meta name=\"twitter:data2\" content=\"1 minute\" \/>\n<script type=\"application\/ld+json\" class=\"yoast-schema-graph\">{\"@context\":\"https:\/\/schema.org\",\"@graph\":[{\"@type\":\"Article\",\"@id\":\"https:\/\/www.reflexivites.com\/en\/projection-2-2\/#article\",\"isPartOf\":{\"@id\":\"https:\/\/www.reflexivites.com\/en\/projection-2-2\/\"},\"author\":{\"name\":\"emilie\",\"@id\":\"https:\/\/www.reflexivites.com\/en\/#\/schema\/person\/a77c131d7a1f88de07ef71c35f6e3b98\"},\"headline\":\"War in Ukrain\",\"datePublished\":\"2022-07-01T09:02:02+00:00\",\"dateModified\":\"2022-07-01T09:06:03+00:00\",\"mainEntityOfPage\":{\"@id\":\"https:\/\/www.reflexivites.com\/en\/projection-2-2\/\"},\"wordCount\":89,\"publisher\":{\"@id\":\"https:\/\/www.reflexivites.com\/en\/#organization\"},\"articleSection\":[\"Screening\"],\"inLanguage\":\"en-US\"},{\"@type\":\"WebPage\",\"@id\":\"https:\/\/www.reflexivites.com\/en\/projection-2-2\/\",\"url\":\"https:\/\/www.reflexivites.com\/en\/projection-2-2\/\",\"name\":\"War in Ukrain - R\u00e9flexivit\u00e9s\",\"isPartOf\":{\"@id\":\"https:\/\/www.reflexivites.com\/en\/#website\"},\"datePublished\":\"2022-07-01T09:02:02+00:00\",\"dateModified\":\"2022-07-01T09:06:03+00:00\",\"breadcrumb\":{\"@id\":\"https:\/\/www.reflexivites.com\/en\/projection-2-2\/#breadcrumb\"},\"inLanguage\":\"en-US\",\"potentialAction\":[{\"@type\":\"ReadAction\",\"target\":[\"https:\/\/www.reflexivites.com\/en\/projection-2-2\/\"]}]},{\"@type\":\"BreadcrumbList\",\"@id\":\"https:\/\/www.reflexivites.com\/en\/projection-2-2\/#breadcrumb\",\"itemListElement\":[{\"@type\":\"ListItem\",\"position\":1,\"name\":\"Accueil\",\"item\":\"https:\/\/www.reflexivites.com\/en\/\"},{\"@type\":\"ListItem\",\"position\":2,\"name\":\"War in Ukrain\"}]},{\"@type\":\"WebSite\",\"@id\":\"https:\/\/www.reflexivites.com\/en\/#website\",\"url\":\"https:\/\/www.reflexivites.com\/en\/\",\"name\":\"R\u00e9flexivit\u00e9s\",\"description\":\"Manifestation photographique\",\"publisher\":{\"@id\":\"https:\/\/www.reflexivites.com\/en\/#organization\"},\"potentialAction\":[{\"@type\":\"SearchAction\",\"target\":{\"@type\":\"EntryPoint\",\"urlTemplate\":\"https:\/\/www.reflexivites.com\/en\/?s={search_term_string}\"},\"query-input\":\"required name=search_term_string\"}],\"inLanguage\":\"en-US\"},{\"@type\":\"Organization\",\"@id\":\"https:\/\/www.reflexivites.com\/en\/#organization\",\"name\":\"R\u00e9flexivit\u00e9(s)\",\"url\":\"https:\/\/www.reflexivites.com\/en\/\",\"logo\":{\"@type\":\"ImageObject\",\"inLanguage\":\"en-US\",\"@id\":\"https:\/\/www.reflexivites.com\/en\/#\/schema\/logo\/image\/\",\"url\":\"https:\/\/www.reflexivites.com\/wp-content\/uploads\/2022\/04\/logo-reflexivites-150.png\",\"contentUrl\":\"https:\/\/www.reflexivites.com\/wp-content\/uploads\/2022\/04\/logo-reflexivites-150.png\",\"width\":150,\"height\":33,\"caption\":\"R\u00e9flexivit\u00e9(s)\"},\"image\":{\"@id\":\"https:\/\/www.reflexivites.com\/en\/#\/schema\/logo\/image\/\"}},{\"@type\":\"Person\",\"@id\":\"https:\/\/www.reflexivites.com\/en\/#\/schema\/person\/a77c131d7a1f88de07ef71c35f6e3b98\",\"name\":\"emilie\",\"image\":{\"@type\":\"ImageObject\",\"inLanguage\":\"en-US\",\"@id\":\"https:\/\/www.reflexivites.com\/en\/#\/schema\/person\/image\/\",\"url\":\"https:\/\/secure.gravatar.com\/avatar\/538fa7c53ddffda1d87f2a29eee0a21b29f1b10c48915ada8a706a2914675a96?s=96&d=mm&r=g\",\"contentUrl\":\"https:\/\/secure.gravatar.com\/avatar\/538fa7c53ddffda1d87f2a29eee0a21b29f1b10c48915ada8a706a2914675a96?s=96&d=mm&r=g\",\"caption\":\"emilie\"}}]}<\/script>\n<!-- \/ Yoast SEO plugin. -->","yoast_head_json":{"title":"War in Ukrain - R\u00e9flexivit\u00e9s","robots":{"index":"index","follow":"follow","max-snippet":"max-snippet:-1","max-image-preview":"max-image-preview:large","max-video-preview":"max-video-preview:-1"},"canonical":"https:\/\/www.reflexivites.com\/en\/projection-2-2\/","og_locale":"en_US","og_type":"article","og_title":"War in Ukrain - R\u00e9flexivit\u00e9s","og_description":"With V\u00e9ronique de Viguerie and Adrienne Surprenant Friday July 15, 2022 at 7:00 pm Auditorium of the Fruiti\u00e8re Num\u00e9rique at Lourmarin From 24 February and the start of the Russian invasion in Ukraine, the media have sent many reporters to this war-torn country to see what is happening on the ground. For Le Monde, Le [&hellip;]","og_url":"https:\/\/www.reflexivites.com\/en\/projection-2-2\/","og_site_name":"R\u00e9flexivit\u00e9s","article_published_time":"2022-07-01T09:02:02+00:00","article_modified_time":"2022-07-01T09:06:03+00:00","og_image":[{"width":2560,"height":1708,"url":"https:\/\/www.reflexivites.com\/wp-content\/uploads\/2022\/06\/Veronique-de-Viguerie-reflexivites-2-scaled.jpg","type":"image\/jpeg"}],"author":"emilie","twitter_card":"summary_large_image","twitter_misc":{"Written by":"emilie","Est. reading time":"1 minute"},"schema":{"@context":"https:\/\/schema.org","@graph":[{"@type":"Article","@id":"https:\/\/www.reflexivites.com\/en\/projection-2-2\/#article","isPartOf":{"@id":"https:\/\/www.reflexivites.com\/en\/projection-2-2\/"},"author":{"name":"emilie","@id":"https:\/\/www.reflexivites.com\/en\/#\/schema\/person\/a77c131d7a1f88de07ef71c35f6e3b98"},"headline":"War in Ukrain","datePublished":"2022-07-01T09:02:02+00:00","dateModified":"2022-07-01T09:06:03+00:00","mainEntityOfPage":{"@id":"https:\/\/www.reflexivites.com\/en\/projection-2-2\/"},"wordCount":89,"publisher":{"@id":"https:\/\/www.reflexivites.com\/en\/#organization"},"articleSection":["Screening"],"inLanguage":"en-US"},{"@type":"WebPage","@id":"https:\/\/www.reflexivites.com\/en\/projection-2-2\/","url":"https:\/\/www.reflexivites.com\/en\/projection-2-2\/","name":"War in Ukrain - R\u00e9flexivit\u00e9s","isPartOf":{"@id":"https:\/\/www.reflexivites.com\/en\/#website"},"datePublished":"2022-07-01T09:02:02+00:00","dateModified":"2022-07-01T09:06:03+00:00","breadcrumb":{"@id":"https:\/\/www.reflexivites.com\/en\/projection-2-2\/#breadcrumb"},"inLanguage":"en-US","potentialAction":[{"@type":"ReadAction","target":["https:\/\/www.reflexivites.com\/en\/projection-2-2\/"]}]},{"@type":"BreadcrumbList","@id":"https:\/\/www.reflexivites.com\/en\/projection-2-2\/#breadcrumb","itemListElement":[{"@type":"ListItem","position":1,"name":"Accueil","item":"https:\/\/www.reflexivites.com\/en\/"},{"@type":"ListItem","position":2,"name":"War in Ukrain"}]},{"@type":"WebSite","@id":"https:\/\/www.reflexivites.com\/en\/#website","url":"https:\/\/www.reflexivites.com\/en\/","name":"R\u00e9flexivit\u00e9s","description":"Manifestation photographique","publisher":{"@id":"https:\/\/www.reflexivites.com\/en\/#organization"},"potentialAction":[{"@type":"SearchAction","target":{"@type":"EntryPoint","urlTemplate":"https:\/\/www.reflexivites.com\/en\/?s={search_term_string}"},"query-input":"required name=search_term_string"}],"inLanguage":"en-US"},{"@type":"Organization","@id":"https:\/\/www.reflexivites.com\/en\/#organization","name":"R\u00e9flexivit\u00e9(s)","url":"https:\/\/www.reflexivites.com\/en\/","logo":{"@type":"ImageObject","inLanguage":"en-US","@id":"https:\/\/www.reflexivites.com\/en\/#\/schema\/logo\/image\/","url":"https:\/\/www.reflexivites.com\/wp-content\/uploads\/2022\/04\/logo-reflexivites-150.png","contentUrl":"https:\/\/www.reflexivites.com\/wp-content\/uploads\/2022\/04\/logo-reflexivites-150.png","width":150,"height":33,"caption":"R\u00e9flexivit\u00e9(s)"},"image":{"@id":"https:\/\/www.reflexivites.com\/en\/#\/schema\/logo\/image\/"}},{"@type":"Person","@id":"https:\/\/www.reflexivites.com\/en\/#\/schema\/person\/a77c131d7a1f88de07ef71c35f6e3b98","name":"emilie","image":{"@type":"ImageObject","inLanguage":"en-US","@id":"https:\/\/www.reflexivites.com\/en\/#\/schema\/person\/image\/","url":"https:\/\/secure.gravatar.com\/avatar\/538fa7c53ddffda1d87f2a29eee0a21b29f1b10c48915ada8a706a2914675a96?s=96&d=mm&r=g","contentUrl":"https:\/\/secure.gravatar.com\/avatar\/538fa7c53ddffda1d87f2a29eee0a21b29f1b10c48915ada8a706a2914675a96?s=96&d=mm&r=g","caption":"emilie"}}]}},"_links":{"self":[{"href":"https:\/\/www.reflexivites.com\/en\/wp-json\/wp\/v2\/posts\/6561","targetHints":{"allow":["GET"]}}],"collection":[{"href":"https:\/\/www.reflexivites.com\/en\/wp-json\/wp\/v2\/posts"}],"about":[{"href":"https:\/\/www.reflexivites.com\/en\/wp-json\/wp\/v2\/types\/post"}],"author":[{"embeddable":true,"href":"https:\/\/www.reflexivites.com\/en\/wp-json\/wp\/v2\/users\/4"}],"replies":[{"embeddable":true,"href":"https:\/\/www.reflexivites.com\/en\/wp-json\/wp\/v2\/comments?post=6561"}],"version-history":[{"count":16,"href":"https:\/\/www.reflexivites.com\/en\/wp-json\/wp\/v2\/posts\/6561\/revisions"}],"predecessor-version":[{"id":6578,"href":"https:\/\/www.reflexivites.com\/en\/wp-json\/wp\/v2\/posts\/6561\/revisions\/6578"}],"wp:featuredmedia":[{"embeddable":true,"href":"https:\/\/www.reflexivites.com\/en\/wp-json\/wp\/v2\/media\/5907"}],"wp:attachment":[{"href":"https:\/\/www.reflexivites.com\/en\/wp-json\/wp\/v2\/media?parent=6561"}],"wp:term":[{"taxonomy":"category","embeddable":true,"href":"https:\/\/www.reflexivites.com\/en\/wp-json\/wp\/v2\/categories?post=6561"},{"taxonomy":"post_tag","embeddable":true,"href":"https:\/\/www.reflexivites.com\/en\/wp-json\/wp\/v2\/tags?post=6561"}],"curies":[{"name":"wp","href":"https:\/\/api.w.org\/{rel}","templated":true}]}}